{"id":149584,"date":"2026-08-21T19:58:57","date_gmt":"2026-08-21T22:58:57","guid":{"rendered":"https:\/\/www.gapp-oil.com.ar\/?p=149584"},"modified":"2026-08-26T19:59:28","modified_gmt":"2026-08-26T22:59:28","slug":"enrege-dieciocho-candidatos-ya-se-inscribieron-para-presidir-el-ente-regulador-del-gas-y-la-electricidad-y-asoman-tres-favoritos","status":"publish","type":"post","link":"https:\/\/www.gapp-oil.com.ar\/en\/2026\/08\/21\/enrege-dieciocho-candidatos-ya-se-inscribieron-para-presidir-el-ente-regulador-del-gas-y-la-electricidad-y-asoman-tres-favoritos\/","title":{"rendered":"Enrege: dieciocho candidatos ya se inscribieron para presidir el ente regulador del gas y la electricidad y asoman tres favoritos"},"content":{"rendered":"<p class=\"wp-block-paragraph\">Dieciocho candidatos ya se postularon para ocupar el cargo de presidente del Ente Nacional Regulador del Gas y la Electricidad (<a href=\"https:\/\/econojournal.com.ar\/energia\/exclusivo-renuncio-a-menos-de-un-mes-de-haber-asumido-el-titular-del-nuevo-ente-nacional-del-gas-y-la-electricidad\/\" target=\"_blank\" rel=\"noopener noreferrer\">Enrege<\/a>). El actual secretario de hidrocarburos,\u00a0<strong>Federico Veller<\/strong>, es uno de los principales candidatos ya que cuenta con el respaldo del secretario coordinador de Energ\u00eda y Miner\u00eda, Daniel Gonz\u00e1lez. Sin embargo, la definici\u00f3n est\u00e1 abierta porque el asesor presidencial Santiago Caputo impulsa en primer lugar a\u00a0<strong>Favio Emir Ram\u00edrez<\/strong>, director de Transporte y Distribuci\u00f3n El\u00e9ctrica, y tambi\u00e9n tiene en su lista de favoritos a\u00a0<strong>Marcelo Corda<\/strong>, vicepresidente de Enarsa.<\/p>\n<p class=\"wp-block-paragraph\">El presidente\u00a0<strong><a href=\"https:\/\/econojournal.com.ar\/energia\/milei-firmo-el-decreto-que-designa-al-directorio-del-nuevo-ente-regulador-del-gas-y-la-electricidad\/\" target=\"_blank\" rel=\"noopener noreferrer\">Javier Milei<\/a><\/strong>\u00a0hab\u00eda designado a las autoridades del flamante organismo a comienzos de mayo, pero cuando no se hab\u00eda cumplido un mes desde que asumieron, el titular\u00a0<strong>N\u00e9stor Marcelo Lamboglia<\/strong>\u00a0renunci\u00f3 en medio de una\u00a0<a href=\"https:\/\/econojournal.com.ar\/energia\/ente-regulador-las-peleas-que-llevaron-a-la-renuncia-de-lamboglia\/\" target=\"_blank\" rel=\"noopener noreferrer\">fuerte interna<\/a>\u00a0dentro del directorio.<\/p>\n<p class=\"wp-block-paragraph\">Desde entonces el\u00a0<a href=\"https:\/\/econojournal.com.ar\/energia\/nuevo-ente-regulador-renovacion-contratos\/\" target=\"_blank\" rel=\"noopener noreferrer\">organismo<\/a>\u00a0es conducido por su vicepresidente,\u00a0<strong>Vicente Serra<\/strong>, junto con los vocales\u00a0<strong>Marcelo Alejandro Nachon<\/strong>,\u00a0<strong>Griselda Lambertini<\/strong>\u00a0y\u00a0<strong>H\u00e9ctor Sergio Falzone<\/strong>.<\/p>\n<h2 class=\"wp-block-heading\"><strong>Los favoritos que asoman<\/strong><\/h2>\n<p class=\"wp-block-paragraph\"><strong><a href=\"https:\/\/econojournal.com.ar\/energia\/federico-veller-asume-como-subsecretario-de-combustibles-liquidos-y-gaseosos\/\" target=\"_blank\" rel=\"noopener noreferrer\">Veller<\/a><\/strong>\u00a0es secretario de Hidrocarburos desde noviembre de 2024. Es un ingeniero qu\u00edmico egresado de la Universidad Nacional de Mar del Plata con m\u00e1s de 25 a\u00f1os de experiencia en la industria petroquimica, de energ\u00eda y fertilizantes. Trabaj\u00f3 casi 18 a\u00f1os en YPF y fue CEO de Profertil entre 2020 y 2022.<\/p>\n<p class=\"wp-block-paragraph\"><strong>Ram\u00edrez<\/strong>\u00a0se desempe\u00f1a como director Nacional de Transporte y Distribuci\u00f3n El\u00e9ctrica desde octubre de 2024. Es ingeniero electricista egresado de la Universidad Tecnol\u00f3gica Nacional. Trabaj\u00f3 9 a\u00f1os en la distribuidora Edelap y 14 a\u00f1os en la Empresa Distribuidora Energ\u00eda Norte (EDEN). Tambi\u00e9n fue perito independiente de la Corte Suprema de Justicia bonaerense entre enero de 2024 y febrero de 2025.<\/p>\n<p class=\"wp-block-paragraph\">Por su parte,\u00a0<strong><a href=\"https:\/\/econojournal.com.ar\/energia\/santiago-caputo-equipo-de-negociacion-construccion-represas-santa-cruz\/\" target=\"_blank\" rel=\"noopener noreferrer\">Corda<\/a><\/strong>\u00a0es vicepresidente y subgerente general de Enarsa desde septiembre de 2014. Se recibi\u00f3 de contador en la Universidad Nacional de Mar del Plata y antes trabaj\u00f3 17 a\u00f1os en la distribuidora Edelap, donde lleg\u00f3 a ser gerente general entre 2019 y 2024.<\/p>\n<p class=\"wp-block-paragraph\">Si bien el plazo de inscripci\u00f3n todav\u00eda no cerr\u00f3 y a\u00fan resta que el comit\u00e9 evaluador realice las entrevistas y elabore una lista corta, distintas fuentes consultadas por\u00a0<em>EconoJournal\u00a0<\/em>aseguraron que esos tres funcionarios aparecen como los principales candidatos en una pulseada que los excede y que tiene como figuras centrales a\u00a0<strong>Daniel Gonz\u00e1lez<\/strong>\u00a0en representaci\u00f3n del Ministerio de Econom\u00eda y al asesor presidencial\u00a0<strong>Santiago Caputo<\/strong>, quien ya puso hombres de su confianza en las energ\u00e9ticas\u00a0<strong>Enarsa, Nucleoel\u00e9ctrica, CNEA, Dioxitek y Yacyret\u00e1.<\/strong><\/p>\n<h2 class=\"wp-block-heading\"><strong>Los otros candidatos<\/strong><\/h2>\n<p class=\"wp-block-paragraph\">En el listado de postulantes sobresalen adem\u00e1s el ex interventor del Enargas,\u00a0<strong>Carlos Casares<\/strong>; el ex presidente de Enarsa,\u00a0<strong><a href=\"https:\/\/econojournal.com.ar\/energia\/doncel-jones-designado-presidente-enarsa\/\" target=\"_blank\" rel=\"noopener noreferrer\">Juan Carlos Doncel Jones<\/a><\/strong>; el ex presidente de Cammesa,\u00a0<strong>Mario Cairella<\/strong>; y el ex interventor del ENRE,\u00a0<strong>Dar\u00edo Arru\u00e9<\/strong>. Los cuatro ocuparon esos cargos durante el actual gobierno y mantienen una cercan\u00eda relativa con el oficialismo, pero las fuentes consultadas por EconoJournal los ubicaron un escal\u00f3n m\u00e1s abajo en la pelea por el puesto.<\/p>\n<p class=\"wp-block-paragraph\">Tambi\u00e9n se postularon tres funcionarios que trabajan actualmente en el Enrege:\u00a0<strong>Horacio Julio Guadagni<\/strong>, nombrado recientemente como responsable de la Unidad de Administraci\u00f3n;\u00a0<strong>Graciela Ana Bravo<\/strong>, responsable de la Unidad Innovaci\u00f3n y Normalizaci\u00f3n; y\u00a0<strong>Guillermo Lanzillotti<\/strong>, responsable de la Unidad Distribuci\u00f3n de Gas del Enrege;<\/p>\n<p class=\"wp-block-paragraph\">El listado se completa con\u00a0<strong><a href=\"https:\/\/econojournal.com.ar\/energia\/cairella-asesores-cammesa-rodriguez-chirillo-prohibio-combustibles-generar-energia\/\" target=\"_blank\" rel=\"noopener noreferrer\">Juan Manuel Alfons\u00edn<\/a><\/strong>, un abogado que trabaj\u00f3 con Cairella en Cammesa;\u00a0<strong>M\u00f3nica Noem\u00ed Gay<\/strong>, ex secretaria legal del directorio de Enargas y ex presidenta y directora general de Gasnea;\u00a0<strong>Hugo Daniel Mu\u00f1oz<\/strong>, ex vicepresidente del Enargas;\u00a0<strong>Mariano Mirotti<\/strong>, un abogado cordob\u00e9s cercano a Carlos Bastos que se desempe\u00f1\u00f3 como secretario de Concesiones en Econom\u00eda;\u00a0<strong>Alberto Dami\u00e1n Andino<\/strong>, ex presidente de la Empresa Juje\u00f1a de Sistemas Energ\u00e9ticos Dispersos;\u00a0<strong>\u00c1ngel Garay<\/strong>,\u00a0<strong>Marcos Antonio Dom\u00ednguez<\/strong>\u00a0y\u00a0<strong>Pablo Horacio Guglielmi<\/strong>.<\/p>\n<p class=\"wp-block-paragraph\">La lista todav\u00eda podr\u00eda ampliarse ya que el plazo de inscripci\u00f3n vence el lunes.\u00a0<strong>Marcelo Nachon<\/strong>\u00a0y\u00a0<strong>Sergio Falzone<\/strong>, primer y tercer vocal en el directorio actual, hab\u00edan dejado trascender a sus m\u00e1s cercanos que tambi\u00e9n evaluaban participar, pero a\u00fan no se inscribieron.<\/p>\n","protected":false},"excerpt":{"rendered":"<p>Dieciocho candidatos ya se postularon para ocupar el cargo de presidente del Ente Nacional Regulador del Gas y la Electricidad (Enrege). El actual secretario de hidrocarburos,\u00a0Federico Veller, es uno de los principales candidatos ya que cuenta con el respaldo del secretario coordinador de Energ\u00eda y Miner\u00eda, Daniel Gonz\u00e1lez. Sin embargo, la definici\u00f3n est\u00e1 abierta porque [&hellip;]<\/p>\n","protected":false},"author":336,"featured_media":0,"comment_status":"closed","ping_status":"closed","sticky":false,"template":"","format":"standard","meta":{"footnotes":""},"categories":[1],"tags":[],"novedades-gapp-noticias":[],"lineas-trabajo-noticias":[],"industrias-noticias":[394],"mercados-noticias":[1358,425],"class_list":["post-149584","post","type-post","status-publish","format-standard","hentry","industrias-noticias-oil-gas","mercados-noticias-america-del-sur","mercados-noticias-argentina"],"_links":{"self":[{"href":"https:\/\/www.gapp-oil.com.ar\/en\/wp-json\/wp\/v2\/posts\/149584","targetHints":{"allow":["GET"]}}],"collection":[{"href":"https:\/\/www.gapp-oil.com.ar\/en\/wp-json\/wp\/v2\/posts"}],"about":[{"href":"https:\/\/www.gapp-oil.com.ar\/en\/wp-json\/wp\/v2\/types\/post"}],"author":[{"embeddable":true,"href":"https:\/\/www.gapp-oil.com.ar\/en\/wp-json\/wp\/v2\/users\/336"}],"replies":[{"embeddable":true,"href":"https:\/\/www.gapp-oil.com.ar\/en\/wp-json\/wp\/v2\/comments?post=149584"}],"version-history":[{"count":1,"href":"https:\/\/www.gapp-oil.com.ar\/en\/wp-json\/wp\/v2\/posts\/149584\/revisions"}],"predecessor-version":[{"id":149585,"href":"https:\/\/www.gapp-oil.com.ar\/en\/wp-json\/wp\/v2\/posts\/149584\/revisions\/149585"}],"wp:attachment":[{"href":"https:\/\/www.gapp-oil.com.ar\/en\/wp-json\/wp\/v2\/media?parent=149584"}],"wp:term":[{"taxonomy":"category","embeddable":true,"href":"https:\/\/www.gapp-oil.com.ar\/en\/wp-json\/wp\/v2\/categories?post=149584"},{"taxonomy":"post_tag","embeddable":true,"href":"https:\/\/www.gapp-oil.com.ar\/en\/wp-json\/wp\/v2\/tags?post=149584"},{"taxonomy":"novedades-gapp-noticias","embeddable":true,"href":"https:\/\/www.gapp-oil.com.ar\/en\/wp-json\/wp\/v2\/novedades-gapp-noticias?post=149584"},{"taxonomy":"lineas-trabajo-noticias","embeddable":true,"href":"https:\/\/www.gapp-oil.com.ar\/en\/wp-json\/wp\/v2\/lineas-trabajo-noticias?post=149584"},{"taxonomy":"industrias-noticias","embeddable":true,"href":"https:\/\/www.gapp-oil.com.ar\/en\/wp-json\/wp\/v2\/industrias-noticias?post=149584"},{"taxonomy":"mercados-noticias","embeddable":true,"href":"https:\/\/www.gapp-oil.com.ar\/en\/wp-json\/wp\/v2\/mercados-noticias?post=149584"}],"curies":[{"name":"wp","href":"https:\/\/api.w.org\/{rel}","templated":true}]}}